{"id":11389,"date":"2026-04-13T15:57:39","date_gmt":"2026-04-13T13:57:39","guid":{"rendered":"https:\/\/www.casadelmoviment.com\/?p=11389"},"modified":"2026-04-16T11:07:09","modified_gmt":"2026-04-16T09:07:09","slug":"casal-destiu","status":"publish","type":"post","link":"https:\/\/www.casadelmoviment.com\/en\/casal-destiu\/","title":{"rendered":"Casal D&#8217;estiu"},"content":{"rendered":"<div data-elementor-type=\"wp-post\" data-elementor-id=\"11389\" class=\"elementor elementor-11389\" data-elementor-settings=\"[]\">\n\t\t\t\t\t\t<div class=\"elementor-inner\">\n\t\t\t\t\t\t\t<div class=\"elementor-section-wrap\">\n\t\t\t\t\t\t\t<section data-particle_enable=\"false\" data-particle-mobile-disabled=\"false\" class=\"elementor-section elementor-top-section elementor-element elementor-element-70889b0 elementor-section-boxed elementor-section-height-default elementor-section-height-default\" data-id=\"70889b0\" data-element_type=\"section\">\n\t\t\t\t\t\t<div class=\"elementor-container elementor-column-gap-default\">\n\t\t\t\t\t\t\t<div class=\"elementor-row\">\n\t\t\t\t\t<div class=\"elementor-column elementor-col-100 elementor-top-column elementor-element elementor-element-9dea6db\" data-id=\"9dea6db\" data-element_type=\"column\">\n\t\t\t<div class=\"elementor-column-wrap elementor-element-populated\">\n\t\t\t\t\t\t\t<div class=\"elementor-widget-wrap\">\n\t\t\t\t\t\t<div class=\"elementor-element elementor-element-0cd1f12 elementor-widget elementor-widget-text-editor\" data-id=\"0cd1f12\" data-element_type=\"widget\" data-widget_type=\"text-editor.default\">\n\t\t\t\t<div class=\"elementor-widget-container\">\n\t\t\t\t\t\t\t\t<div class=\"elementor-text-editor elementor-clearfix\">\n\t\t\t\t<div class=\"Y3BBE\" data-sfc-cp=\"\" data-sfc-cb=\"\" data-hveid=\"CAQQAA\" data-complete=\"true\" data-processed=\"true\"><div class=\"Y3BBE\" data-sfc-cp=\"\" data-sfc-cb=\"\" data-hveid=\"CAQQAA\" data-complete=\"true\" data-processed=\"true\"><p>El casal d&#8217;estiu \u00e9s un refugi creatiu, on els infants aprenen, ballen, creen, col\u00b7laboren i imaginen.<br \/>Proposarem cada setmana un centre d&#8217;inter\u00e8s (cases, criatures fant\u00e0stiques, flors i ocells) i a trav\u00e9s de diferents llenguatges art\u00edstics anirem estirant el fil amb la intenci\u00f3 de reflexionar i con\u00e8ixer el nostre entorn m\u00e9s proper.<br \/>Aquest espai d&#8217;estiu que imaginem t\u00e9 com base un acompanyament respectu\u00f3s; les idees, els interessos i les necessitats dels nens i les nenes s\u00f3n atesos, potenciant la seva capacitat d&#8217;autogesti\u00f3. <br \/>Vine! <img decoding=\"async\" class=\"emoji\" role=\"img\" draggable=\"false\" src=\"https:\/\/s.w.org\/images\/core\/emoji\/17.0.2\/svg\/1f938-1f3fc-200d-2640-fe0f.svg\" alt=\"\ud83e\udd38\ud83c\udffc\u200d\u2640\ufe0f\" \/><\/p><p>Setmanes:<br \/>\u2022\u2060 \u206022 al 26 de Juny (cases)<br \/>\u2022\u2060 \u206029 al 3 de Juliol (criatures fant\u00e0stiques)<br \/>\u2022\u2060 \u20606 al 10 de Juliol (ocells i flors)<\/p><p>Horari i Preu:<\/p><p>22 al 26 de Juny (e<span class=\"a_GcMg font-feature-liga-off font-feature-clig-off font-feature-calt-off text-decoration-none text-strikethrough-none\">l 24 de Juny no hi haur\u00e0 casal)<\/span><br \/>\u2022\u2060 \u2060Opci\u00f3 I: 9 a 13.30h \/ 120\u20ac Set.<br \/>\u2022\u2060 \u2060Opci\u00f3 II: 9 a 16.30h \/ 180\u20ac Set.<\/p><p>29 al 3 de Juliol<\/p><p>\u2022\u2060 \u2060Opci\u00f3 I: 9 a 13.30h \/ 150\u20ac Set.<br \/>\u2022\u2060 \u2060Opci\u00f3 II: 9 a 16.30h \/ 220\u20ac Set.<\/p><p>6 al 10 de Juliol<\/p><p>\u2022\u2060 \u2060Opci\u00f3 I: 9 a 13.30h \/ 150\u20ac Set.<br \/>\u2022\u2060 \u2060Opci\u00f3 II: 9 a 16.30h \/ 220\u20ac Set.<\/p><p>Si et quedes a dinar porta carmanyola de casa, l&#8217;escalfarem.\u00a0<\/p><p>10% Descompte per alumnes de l&#8217;escola i per germans i germanes.\u00a0<\/p><p>Entre 9-10h ser\u00e0 entrada relaxada. A les 10h comencerem la primera activitat de moviment.\u00a0<\/p><p>\u00a0<\/p><p>Facilitadores: Gemma Mir\u00f3, Ana Lifante y Raquel Mir\u00f3.<\/p><\/div><\/div>\t\t\t\t\t<\/div>\n\t\t\t\t\t\t<\/div>\n\t\t\t\t<\/div>\n\t\t\t\t<div class=\"elementor-element elementor-element-3cb6139 elementor-widget__width-auto elementor-widget elementor-widget-bluhen_core_button\" data-id=\"3cb6139\" data-element_type=\"widget\" data-widget_type=\"bluhen_core_button.default\">\n\t\t\t\t<div class=\"elementor-widget-container\">\n\t\t\t<a class=\"qodef-shortcode qodef-m  qodef-button qodef-layout--filled qodef-size--large qodef-html--link qodef-shape--ellipse\" href=\"https:\/\/www.casadelmoviment.com\/en\/product\/casal\/\" target=\"_blank\"  style=\"color: #002394;background-color: #FFFFF8;border-color: #002394\">\n\t<span class=\"qodef-m-text\">Reserve<\/span>\n<\/a>\n\t\t<\/div>\n\t\t\t\t<\/div>\n\t\t\t\t\t\t<\/div>\n\t\t\t\t\t<\/div>\n\t\t<\/div>\n\t\t\t\t\t\t\t\t<\/div>\n\t\t\t\t\t<\/div>\n\t\t<\/section>\n\t\t\t\t\t\t<\/div>\n\t\t\t\t\t\t<\/div>\n\t\t\t\t\t<\/div>","protected":false},"excerpt":{"rendered":"<p>22 de Juny a 10 Juliol<\/p>","protected":false},"author":2,"featured_media":11390,"comment_status":"closed","ping_status":"closed","sticky":false,"template":"","format":"standard","meta":{"footnotes":""},"categories":[16,241],"tags":[],"class_list":["post-11389","post","type-post","status-publish","format-standard","has-post-thumbnail","hentry","category-actuals","category-news"],"blog_post_layout_featured_media_urls":{"thumbnail":["https:\/\/www.casadelmoviment.com\/wp-content\/uploads\/2026\/04\/Screenshot-2026-04-13-at-15.55.13-150x150.png",150,150,true],"full":["https:\/\/www.casadelmoviment.com\/wp-content\/uploads\/2026\/04\/Screenshot-2026-04-13-at-15.55.13.png",1192,782,false]},"categories_names":{"16":{"name":"Actuals","link":"https:\/\/www.casadelmoviment.com\/en\/category\/actuals\/"},"241":{"name":"News","link":"https:\/\/www.casadelmoviment.com\/en\/category\/news\/"}},"tags_names":[],"comments_number":"0","_links":{"self":[{"href":"https:\/\/www.casadelmoviment.com\/en\/wp-json\/wp\/v2\/posts\/11389","targetHints":{"allow":["GET"]}}],"collection":[{"href":"https:\/\/www.casadelmoviment.com\/en\/wp-json\/wp\/v2\/posts"}],"about":[{"href":"https:\/\/www.casadelmoviment.com\/en\/wp-json\/wp\/v2\/types\/post"}],"author":[{"embeddable":true,"href":"https:\/\/www.casadelmoviment.com\/en\/wp-json\/wp\/v2\/users\/2"}],"replies":[{"embeddable":true,"href":"https:\/\/www.casadelmoviment.com\/en\/wp-json\/wp\/v2\/comments?post=11389"}],"version-history":[{"count":24,"href":"https:\/\/www.casadelmoviment.com\/en\/wp-json\/wp\/v2\/posts\/11389\/revisions"}],"predecessor-version":[{"id":11460,"href":"https:\/\/www.casadelmoviment.com\/en\/wp-json\/wp\/v2\/posts\/11389\/revisions\/11460"}],"wp:featuredmedia":[{"embeddable":true,"href":"https:\/\/www.casadelmoviment.com\/en\/wp-json\/wp\/v2\/media\/11390"}],"wp:attachment":[{"href":"https:\/\/www.casadelmoviment.com\/en\/wp-json\/wp\/v2\/media?parent=11389"}],"wp:term":[{"taxonomy":"category","embeddable":true,"href":"https:\/\/www.casadelmoviment.com\/en\/wp-json\/wp\/v2\/categories?post=11389"},{"taxonomy":"post_tag","embeddable":true,"href":"https:\/\/www.casadelmoviment.com\/en\/wp-json\/wp\/v2\/tags?post=11389"}],"curies":[{"name":"wp","href":"https:\/\/api.w.org\/{rel}","templated":true}]}}